{"id":4601,"date":"2021-05-18T07:00:39","date_gmt":"2021-05-18T10:00:39","guid":{"rendered":"https:\/\/sub.labovet.com.br\/?post_type=blog-grandes-animais&#038;p=4601"},"modified":"2024-10-10T15:46:09","modified_gmt":"2024-10-10T18:46:09","slug":"labovet-promove-aos-colaboradores-vacinacao-contra-a-h1n1","status":"publish","type":"blog-grandes-animais","link":"https:\/\/labovet.com.br\/es\/blog-grandes-animais\/labovet-promove-aos-colaboradores-vacinacao-contra-a-h1n1","title":{"rendered":"Labovet promove aos colaboradores vacina\u00e7\u00e3o contra a H1N1"},"content":{"rendered":"<p><span style=\"font-weight: 400;\">A vacina\u00e7\u00e3o \u00e9 a forma mais eficaz de evitar doen\u00e7as. Com a pandemia de COVID-19, ficamos preocupados com a contamina\u00e7\u00e3o pelo coronav\u00edrus, mas n\u00e3o podemos esquecer de buscar prote\u00e7\u00e3o contra outras doen\u00e7as end\u00eamicas que podem causar complica\u00e7\u00f5es m\u00e9dicas, \u00e9 o caso da gripe H1N1, que tamb\u00e9m j\u00e1 foi uma pandemia. O bem-estar de todos \u00e9 prioridade para o Labovet, e por isso foi realizada a vacina\u00e7\u00e3o contra essa doen\u00e7a de todos os colaboradores da f\u00e1brica em Feira de Santana, na Bahia.<\/span><\/p>\n<p><img fetchpriority=\"high\" decoding=\"async\" class=\"wp-image-4602 size-large alignnone\" src=\"https:\/\/labovet.com.br\/wp-content\/uploads\/2021\/05\/imagem-vacina\u00e7\u00e3o-labovet-2-1024x768.jpg\" alt=\"vacina\u00e7\u00e3o contra a H1N1\" width=\"1024\" height=\"768\" srcset=\"https:\/\/labovet.com.br\/wp-content\/uploads\/2021\/05\/imagem-vacina\u00e7\u00e3o-labovet-2-1024x768.jpg 1024w, https:\/\/labovet.com.br\/wp-content\/uploads\/2021\/05\/imagem-vacina\u00e7\u00e3o-labovet-2-300x225.jpg 300w, https:\/\/labovet.com.br\/wp-content\/uploads\/2021\/05\/imagem-vacina\u00e7\u00e3o-labovet-2-768x576.jpg 768w, https:\/\/labovet.com.br\/wp-content\/uploads\/2021\/05\/imagem-vacina\u00e7\u00e3o-labovet-2.jpg 1040w\" sizes=\"(max-width: 1024px) 100vw, 1024px\" \/><\/p>\n<h2><b>Por que a vacina\u00e7\u00e3o \u00e9 importante?<\/b><\/h2>\n<p><span style=\"font-weight: 400;\">Manter-se longe de contamina\u00e7\u00f5es e doen\u00e7as \u00e9 importante para todo mundo, afinal ningu\u00e9m gosta de ficar em cima de uma cama sentindo dores e cansa\u00e7o. Entretanto, para al\u00e9m de proteger o organismo de doen\u00e7as, a vacina\u00e7\u00e3o \u00e9 importante para as empresas manterem a sa\u00fade do ambiente corporativo e a produtividade de todos.\u00a0<\/span><\/p>\n<p><span style=\"font-weight: 400;\">Ambientes sem ventila\u00e7\u00e3o s\u00e3o mais propensos a dissemina\u00e7\u00e3o de agentes infecciosos. Mesmo com o uso de m\u00e1scaras obrigat\u00f3rio. Portanto, \u00e9 importante manter todos vacinados e livres de doen\u00e7as.\u00a0<\/span><\/p>\n<h2><b>O que \u00e9 a H1N1?<\/b><\/h2>\n<p><span style=\"font-weight: 400;\">A H1N1, tamb\u00e9m conhecida como Influenza A, \u00e9 causada por um v\u00edrus com o mesmo nome e os sintomas s\u00e3o semelhantes aos da gripe comum. Esse v\u00edrus \u00e9 resultado da muta\u00e7\u00e3o entre o v\u00edrus humano da gripe, o v\u00edrus da gripe avi\u00e1ria e o v\u00edrus da gripe su\u00edna, como foi chamada inicialmente.\u00a0<\/span><\/p>\n<p><span style=\"font-weight: 400;\">Em 2009, a OMS (Organiza\u00e7\u00e3o Mundial da Sa\u00fade) declarou a pandemia mundial de H1N1. A doen\u00e7a foi controlada no Brasil com barreiras sanit\u00e1rias nos aeroportos e nas capitais, al\u00e9m de um monitoramento di\u00e1rio dos casos com a ajuda dos estados e munic\u00edpios. Posteriormente foi disseminada a vacina\u00e7\u00e3o para todos.\u00a0<\/span><\/p>\n<h2><b>E como \u00e9 feita a vacina contra a H1N1?<\/b><\/h2>\n<p><span style=\"font-weight: 400;\">A vacina da Influenza A \u00e9 feita com o v\u00edrus (H1N1) da doen\u00e7a inativo e fracionado. Existem dois tipos: a trivalente, que promove a imuniza\u00e7\u00e3o contra dois v\u00edrus da influenza A e contra uma cepa do v\u00edrus da influenza B; e a tetravalente, que al\u00e9m destes imuniza contra outra cepa do v\u00edrus influenza B.\u00a0<\/span><\/p>\n<p><span style=\"font-weight: 400;\">O Labovet promoveu a vacina\u00e7\u00e3o contra H1N1 de 212 colaboradores com a vacina tetravalente, proporcionando uma maior imunidade.\u00a0<\/span><\/p>\n<h2><b>A vacina\u00e7\u00e3o contra a H1N1 no Labovet<\/b><\/h2>\n<p><span style=\"font-weight: 400;\">Os colaboradores do Labovet receberam a vacina no dia 12 de maio, na pr\u00f3pria unidade em Feira de Santana. A vacina\u00e7\u00e3o foi realizada pelo Sesi Sa\u00fade da cidade e o Labovet custeou 100% do valor da vacina para seus funcion\u00e1rios.\u00a0<\/span><\/p>\n<p><span style=\"font-weight: 400;\">Alguns colaboradores, que n\u00e3o conseguiram tomar a vacina no dia 12, poder\u00e3o ir depois at\u00e9 a sede do Sesi Sa\u00fade para realizar a vacina\u00e7\u00e3o.\u00a0<\/span><\/p>\n<p><img decoding=\"async\" class=\"wp-image-4609 size-large alignnone\" src=\"https:\/\/labovet.com.br\/wp-content\/uploads\/2021\/05\/imagem-vacina\u00e7\u00e3o-h1n1-1024x768.jpg\" alt=\"\" width=\"1024\" height=\"768\" srcset=\"https:\/\/labovet.com.br\/wp-content\/uploads\/2021\/05\/imagem-vacina\u00e7\u00e3o-h1n1-1024x768.jpg 1024w, https:\/\/labovet.com.br\/wp-content\/uploads\/2021\/05\/imagem-vacina\u00e7\u00e3o-h1n1-300x225.jpg 300w, https:\/\/labovet.com.br\/wp-content\/uploads\/2021\/05\/imagem-vacina\u00e7\u00e3o-h1n1-768x576.jpg 768w, https:\/\/labovet.com.br\/wp-content\/uploads\/2021\/05\/imagem-vacina\u00e7\u00e3o-h1n1.jpg 1040w\" sizes=\"(max-width: 1024px) 100vw, 1024px\" \/><\/p>\n<p><img decoding=\"async\" class=\"wp-image-4615 size-large alignnone\" src=\"https:\/\/labovet.com.br\/wp-content\/uploads\/2021\/05\/imagem-vacina\u00e7\u00e3o-h1n1-3-768x1024.jpg\" alt=\"\" width=\"768\" height=\"1024\" srcset=\"https:\/\/labovet.com.br\/wp-content\/uploads\/2021\/05\/imagem-vacina\u00e7\u00e3o-h1n1-3-768x1024.jpg 768w, https:\/\/labovet.com.br\/wp-content\/uploads\/2021\/05\/imagem-vacina\u00e7\u00e3o-h1n1-3-225x300.jpg 225w, https:\/\/labovet.com.br\/wp-content\/uploads\/2021\/05\/imagem-vacina\u00e7\u00e3o-h1n1-3.jpg 780w\" sizes=\"(max-width: 768px) 100vw, 768px\" \/><\/p>\n<p><img loading=\"lazy\" decoding=\"async\" class=\"alignnone wp-image-4612 size-large\" src=\"https:\/\/labovet.com.br\/wp-content\/uploads\/2021\/05\/imagem-vacina\u00e7\u00e3o-h1n1-2-768x1024.jpg\" alt=\"\" width=\"768\" height=\"1024\" srcset=\"https:\/\/labovet.com.br\/wp-content\/uploads\/2021\/05\/imagem-vacina\u00e7\u00e3o-h1n1-2-768x1024.jpg 768w, https:\/\/labovet.com.br\/wp-content\/uploads\/2021\/05\/imagem-vacina\u00e7\u00e3o-h1n1-2-225x300.jpg 225w, https:\/\/labovet.com.br\/wp-content\/uploads\/2021\/05\/imagem-vacina\u00e7\u00e3o-h1n1-2.jpg 780w\" sizes=\"(max-width: 768px) 100vw, 768px\" \/><\/p>\n<p><span style=\"font-weight: 400;\">Fonte: <a href=\"https:\/\/beecorp.com.br\/blog\/vacinacao-em-empresas\/\" target=\"_blank\" rel=\"noopener noreferrer nofollow\">Beecorp<\/a>, <a href=\"https:\/\/drauziovarella.uol.com.br\/doencas-e-sintomas\/gripe-h1n1-gripe-suina\/\" target=\"_blank\" rel=\"noopener noreferrer nofollow\">Drauzio Varella<\/a>, <a href=\"http:\/\/www.blog.saude.gov.br\/index.php\/53845-10-anos-do-surto-global-de-h1n1\" target=\"_blank\" rel=\"noopener noreferrer nofollow\">Blog Sa\u00fade &#8211; MS<\/a>.\u00a0<\/span><\/p>\n","protected":false},"excerpt":{"rendered":"<p>O bem-estar de todos \u00e9 prioridade para o Labovet, e por isso foi realizada pelo Sesi Sa\u00fade, a vacina\u00e7\u00e3o contra a H1N1 de todos os colaboradores da f\u00e1brica.<\/p>\n","protected":false},"author":3,"featured_media":4605,"template":"","categorias-grandes-animais":[797,793],"tags-grandes-animais":[443,827,825,514,826],"categoria-do-produto":[],"class_list":["post-4601","blog-grandes-animais","type-blog-grandes-animais","status-publish","has-post-thumbnail","hentry","categorias-grandes-animais-institucional","categorias-grandes-animais-saude","tags-grandes-animais-labovet","tags-grandes-animais-sesi","tags-grandes-animais-vacina-contra-h1n1","tags-grandes-animais-vacinacao","tags-grandes-animais-vacinacao-contra-h1n1"],"_links":{"self":[{"href":"https:\/\/labovet.com.br\/es\/wp-json\/wp\/v2\/blog-grandes-animais\/4601","targetHints":{"allow":["GET"]}}],"collection":[{"href":"https:\/\/labovet.com.br\/es\/wp-json\/wp\/v2\/blog-grandes-animais"}],"about":[{"href":"https:\/\/labovet.com.br\/es\/wp-json\/wp\/v2\/types\/blog-grandes-animais"}],"author":[{"embeddable":true,"href":"https:\/\/labovet.com.br\/es\/wp-json\/wp\/v2\/users\/3"}],"version-history":[{"count":0,"href":"https:\/\/labovet.com.br\/es\/wp-json\/wp\/v2\/blog-grandes-animais\/4601\/revisions"}],"wp:featuredmedia":[{"embeddable":true,"href":"https:\/\/labovet.com.br\/es\/wp-json\/wp\/v2\/media\/4605"}],"wp:attachment":[{"href":"https:\/\/labovet.com.br\/es\/wp-json\/wp\/v2\/media?parent=4601"}],"wp:term":[{"taxonomy":"categorias-grandes-animais","embeddable":true,"href":"https:\/\/labovet.com.br\/es\/wp-json\/wp\/v2\/categorias-grandes-animais?post=4601"},{"taxonomy":"tags-grandes-animais","embeddable":true,"href":"https:\/\/labovet.com.br\/es\/wp-json\/wp\/v2\/tags-grandes-animais?post=4601"},{"taxonomy":"categoria-do-produto","embeddable":true,"href":"https:\/\/labovet.com.br\/es\/wp-json\/wp\/v2\/categoria-do-produto?post=4601"}],"curies":[{"name":"wp","href":"https:\/\/api.w.org\/{rel}","templated":true}]}}