{"id":5767,"date":"2022-09-15T16:52:17","date_gmt":"2022-09-15T19:52:17","guid":{"rendered":"https:\/\/sub.labovet.com.br\/?post_type=blog-grandes-animais&#038;p=5767"},"modified":"2024-11-30T12:21:42","modified_gmt":"2024-11-30T15:21:42","slug":"tifo-aviario-preocupacoes-e-projecoes-na-carne-de-frango","status":"publish","type":"blog-grandes-animais","link":"https:\/\/labovet.com.br\/es\/blog-grandes-animais\/tifo-aviario-preocupacoes-e-projecoes-na-carne-de-frango","title":{"rendered":"TIFO AVI\u00c1RIO: PREOCUPA\u00c7\u00d5ES E PROJE\u00c7\u00d5ES NA CARNE DE FRANGO"},"content":{"rendered":"<p>O Estudo publicado na <strong>Revista Cient\u00edfica<\/strong> <em>Proceedings of the National Academy of Sciences<\/em>, apura que existem cerca de <strong>428 bilh\u00f5es de aves no planeta Terra<\/strong>, e uma popula\u00e7\u00e3o de mais ou menos <strong>25 bilh\u00f5es de galinhas<\/strong>.<\/p>\n<p>Sendo o <strong>Brasil<\/strong> o <strong>maior fornecedor mundial de carne de frango<\/strong> atualmente, projetado para continuar liderando o <strong>ranking<\/strong> nos pr\u00f3ximos 10 anos, \u00e9 necess\u00e1rio <strong>atentar-se \u00e0s doen\u00e7as<\/strong> de grande import\u00e2ncia sanit\u00e1ria, como o <strong>Tifo Avi\u00e1rio<\/strong>.<\/p>\n<p><img fetchpriority=\"high\" decoding=\"async\" class=\"alignnone wp-image-5774 \" src=\"https:\/\/labovet.com.br\/wp-content\/uploads\/2022\/09\/1-1.png\" alt=\"\" width=\"778\" height=\"467\" srcset=\"https:\/\/labovet.com.br\/wp-content\/uploads\/2022\/09\/1-1.png 500w, https:\/\/labovet.com.br\/wp-content\/uploads\/2022\/09\/1-1-300x180.png 300w\" sizes=\"(max-width: 778px) 100vw, 778px\" \/><\/p>\n<h2>Tifo Avi\u00e1rio: transmiss\u00e3o e altera\u00e7\u00f5es an\u00e1tomo-patol\u00f3gicas<\/h2>\n<p>Bact\u00e9rias do g\u00eanero <em>Salmonella<\/em> s\u00e3o agentes etiol\u00f3gicos de muitas doen\u00e7as que afetam a <strong>avicultura.<\/strong><\/p>\n<p>O <strong>Tifo Avi\u00e1rio<\/strong> \u00e9 infec\u00e7\u00e3o causada pela <em>Salmonella Gallinarum<\/em>, uma <strong>doen\u00e7a sist\u00eamica<\/strong> que pode ser <strong>septic\u00eamica aguda<\/strong> ou <strong>cr\u00f4nica,<\/strong> mas de car\u00e1ter <strong>grave<\/strong> em ambas as apresenta\u00e7\u00f5es.<\/p>\n<p>A <strong>doen\u00e7a<\/strong> \u00e9 mais comumente encontrada nas <strong>aves adultas<\/strong>, e existem os <strong>felizardos<\/strong> que <strong>s\u00e3o imunes<\/strong> \u00e0 doen\u00e7a, como <strong>pato, pombo<\/strong> e <strong>marreco.<\/strong><\/p>\n<p>Outro agente, o\u00a0<em>Sorovar gallinarum<\/em> que acomete as aves, <strong>causando<\/strong> principalmente <strong>anemia, apatia, anorexia,<\/strong> <strong>perda de peso<\/strong> e <strong>queda na produ\u00e7\u00e3o de ovos<\/strong>. Como consequ\u00eancia as <strong>aves<\/strong> param de se alimentar, <strong>ficam encorujadas<\/strong> e <strong>prostradas,<\/strong> podem tamb\u00e9m apresentar <strong>tremor na cabe\u00e7a<\/strong>, <strong>febre<\/strong> e <strong>diarreia.<\/strong><\/p>\n<h2>Cuidado com o ver\u00e3o!<\/h2>\n<p>O ver\u00e3o \u00e9 <strong>mais prop\u00edcio<\/strong> ao desenvolvimento da doen\u00e7a, devido \u00e0 <strong>temperatura e umidade<\/strong>, o que pode provocar <strong>estresse t\u00e9rmico<\/strong> nas aves e <strong>afetar o sistema imunol\u00f3gico<\/strong>.<\/p>\n<h2>Contamina\u00e7\u00e3o e consequ\u00eancias<\/h2>\n<p>A <strong>contamina\u00e7\u00e3o<\/strong> ocorre pelo contato direto entre as aves, atrav\u00e9s da <strong>prolifera\u00e7\u00e3o do microrganismo<\/strong> no ambiente em que elas vivem. A <strong>salmonella<\/strong> pode<strong> ficar em v\u00e1rios lugares<\/strong>, inclusive na <strong>granja,<\/strong> mas n\u00e3o \u00e9 muito comum.<\/p>\n<p>Entre as <strong>altera\u00e7\u00f5es an\u00e1tomo-patol\u00f3gicas<\/strong>, est\u00e3o <strong>les\u00f5es do f\u00edgado<\/strong>, como mostra a <strong>figura 01<\/strong> abaixo, como <strong>aumento de volume<\/strong> e <strong>mudan\u00e7a de colora\u00e7\u00e3o<\/strong>, <strong>les\u00f5es em ba\u00e7o<\/strong> e <strong>ov\u00e1rio.<\/strong> Assim como <strong>n\u00f3dulos card\u00edacos<\/strong>, no <strong>perit\u00f4nio<\/strong> podem ser esporadicamente observados.<\/p>\n<h5><a href=\"https:\/\/www.scielo.br\/j\/abmvz\/a\/3Wxnvyjj5bqqZfggFfYYrLn\/abstract\/?lang=pt\" target=\"_blank\" rel=\"noopener noreferrer nofollow\">Figura 01<\/a><\/h5>\n<p><img decoding=\"async\" class=\"alignnone wp-image-5768 size-full\" src=\"https:\/\/labovet.com.br\/wp-content\/uploads\/2022\/09\/05e1061f0ca397a02ee138a943ffe961322afc77.png\" alt=\"\" width=\"733\" height=\"387\" srcset=\"https:\/\/labovet.com.br\/wp-content\/uploads\/2022\/09\/05e1061f0ca397a02ee138a943ffe961322afc77.png 733w, https:\/\/labovet.com.br\/wp-content\/uploads\/2022\/09\/05e1061f0ca397a02ee138a943ffe961322afc77-300x158.png 300w\" sizes=\"(max-width: 733px) 100vw, 733px\" \/><\/p>\n<h2>Tratamento e preven\u00e7\u00e3o<\/h2>\n<p><strong>N\u00e3o existe tratamento<\/strong> para a elimina\u00e7\u00e3o da bact\u00e9ria no organismo da ave, <strong>apenas<\/strong> para <strong>acabar<\/strong> <strong>com os sinais cl\u00ednicos<\/strong>, por isso o mais indicado \u00e9 o <strong>controle e preven\u00e7\u00e3o<\/strong>.<\/p>\n<p>M\u00e9todos como <strong>limpeza<\/strong> e <strong>desinfec\u00e7\u00e3o do ambiente<\/strong> que elas vivem, <strong>controle de insetos<\/strong>, <strong>\u00e1caros<\/strong> e <strong>roedores,<\/strong> <strong>elimina\u00e7\u00e3o r\u00e1pida<\/strong> e <strong>descarte correto<\/strong> de <strong>ave contaminada<\/strong> (como incinera\u00e7\u00e3o), <strong>barreiras sanit\u00e1rias<\/strong> e <strong>controle do fluxo<\/strong>, s\u00e3o alguns <strong>meios primordiais<\/strong> para a <strong>preven\u00e7\u00e3o.<\/strong><\/p>\n<p><img decoding=\"async\" class=\"alignnone wp-image-5777 size-full\" src=\"https:\/\/labovet.com.br\/wp-content\/uploads\/2022\/09\/2-1.png\" alt=\"\" width=\"500\" height=\"300\" srcset=\"https:\/\/labovet.com.br\/wp-content\/uploads\/2022\/09\/2-1.png 500w, https:\/\/labovet.com.br\/wp-content\/uploads\/2022\/09\/2-1-300x180.png 300w\" sizes=\"(max-width: 500px) 100vw, 500px\" \/><\/p>\n<p>O que traz <strong>tranquilidade<\/strong> e <strong>despreocupa\u00e7\u00e3o<\/strong> n\u00e3o s\u00f3 para os criadores, mas tamb\u00e9m para a <strong>economia do Brasil<\/strong>, \u00e9 que o pa\u00eds se mant\u00e9m firme na <strong>exporta\u00e7\u00e3o de frango<\/strong>, com estimativa de <strong>produ\u00e7\u00e3o de mais 14 bilh\u00f5es<\/strong> at\u00e9 o final deste ano, e continuar\u00e1 sendo o maior exportador mundial at\u00e9 os pr\u00f3ximos dez anos.<\/p>\n<p><a href=\"https:\/\/labovet.com.br\/produtos\/vacina-contra-colera-e-tifo-aviario-labovet\">Vacina Contra C\u00f3lera e Tifo Avi\u00e1rio Labovet<\/a><\/p>\n<p><img loading=\"lazy\" decoding=\"async\" class=\"alignnone wp-image-5771 size-full\" src=\"https:\/\/labovet.com.br\/wp-content\/uploads\/2022\/09\/POST_DIA_20-08.png\" alt=\"\" width=\"800\" height=\"800\" srcset=\"https:\/\/labovet.com.br\/wp-content\/uploads\/2022\/09\/POST_DIA_20-08.png 800w, https:\/\/labovet.com.br\/wp-content\/uploads\/2022\/09\/POST_DIA_20-08-150x150.png 150w, https:\/\/labovet.com.br\/wp-content\/uploads\/2022\/09\/POST_DIA_20-08-300x300.png 300w, https:\/\/labovet.com.br\/wp-content\/uploads\/2022\/09\/POST_DIA_20-08-768x768.png 768w, https:\/\/labovet.com.br\/wp-content\/uploads\/2022\/09\/POST_DIA_20-08-400x400.png 400w\" sizes=\"(max-width: 800px) 100vw, 800px\" \/><\/p>\n<p><em>Texto: <strong>Samara Kalene<\/strong><\/em><br \/>\n<em>M\u00e9dica Veterin\u00e1ria: <strong>Analaura Pereira &#8211; CRMV-SC 09126<\/strong><\/em><\/p>\n","protected":false},"excerpt":{"rendered":"<p>O Brasil o maior fornecedor mundial de carne de frango atualmente, projetado para continuar liderando o ranking nos pr\u00f3ximos 10 anos<\/p>\n","protected":false},"author":3,"featured_media":15703,"template":"","categorias-grandes-animais":[802,793],"tags-grandes-animais":[1172,820,1179,748,821,1173,1181,1177,1174,1180,443,570,1171,1176,1170,1175,480,1178,1169],"categoria-do-produto":[1564],"class_list":["post-5767","blog-grandes-animais","type-blog-grandes-animais","status-publish","has-post-thumbnail","hentry","categorias-grandes-animais-aves","categorias-grandes-animais-saude","tags-grandes-animais-ave","tags-grandes-animais-avicultura","tags-grandes-animais-doencadofrango","tags-grandes-animais-economia","tags-grandes-animais-frango","tags-grandes-animais-galinha","tags-grandes-animais-galo","tags-grandes-animais-granja","tags-grandes-animais-gripedaave","tags-grandes-animais-gripedofrango","tags-grandes-animais-labovet","tags-grandes-animais-ovos","tags-grandes-animais-salmonella","tags-grandes-animais-salmonellagallinarum","tags-grandes-animais-salmonelose","tags-grandes-animais-sorovargallinarum","tags-grandes-animais-sustentavel","tags-grandes-animais-tifo","tags-grandes-animais-tifoaviario","categoria-do-produto-aves"],"_links":{"self":[{"href":"https:\/\/labovet.com.br\/es\/wp-json\/wp\/v2\/blog-grandes-animais\/5767","targetHints":{"allow":["GET"]}}],"collection":[{"href":"https:\/\/labovet.com.br\/es\/wp-json\/wp\/v2\/blog-grandes-animais"}],"about":[{"href":"https:\/\/labovet.com.br\/es\/wp-json\/wp\/v2\/types\/blog-grandes-animais"}],"author":[{"embeddable":true,"href":"https:\/\/labovet.com.br\/es\/wp-json\/wp\/v2\/users\/3"}],"version-history":[{"count":0,"href":"https:\/\/labovet.com.br\/es\/wp-json\/wp\/v2\/blog-grandes-animais\/5767\/revisions"}],"wp:featuredmedia":[{"embeddable":true,"href":"https:\/\/labovet.com.br\/es\/wp-json\/wp\/v2\/media\/15703"}],"wp:attachment":[{"href":"https:\/\/labovet.com.br\/es\/wp-json\/wp\/v2\/media?parent=5767"}],"wp:term":[{"taxonomy":"categorias-grandes-animais","embeddable":true,"href":"https:\/\/labovet.com.br\/es\/wp-json\/wp\/v2\/categorias-grandes-animais?post=5767"},{"taxonomy":"tags-grandes-animais","embeddable":true,"href":"https:\/\/labovet.com.br\/es\/wp-json\/wp\/v2\/tags-grandes-animais?post=5767"},{"taxonomy":"categoria-do-produto","embeddable":true,"href":"https:\/\/labovet.com.br\/es\/wp-json\/wp\/v2\/categoria-do-produto?post=5767"}],"curies":[{"name":"wp","href":"https:\/\/api.w.org\/{rel}","templated":true}]}}