{"id":6100,"date":"2022-11-30T11:51:13","date_gmt":"2022-11-30T14:51:13","guid":{"rendered":"https:\/\/sub.labovet.com.br\/?post_type=blog-grandes-animais&#038;p=6100"},"modified":"2024-11-30T12:20:03","modified_gmt":"2024-11-30T15:20:03","slug":"problemas-relacionados-aos-cascos-de-bovinos-e-o-impacto-negativo-na-producao","status":"publish","type":"blog-grandes-animais","link":"https:\/\/labovet.com.br\/es\/blog-grandes-animais\/problemas-relacionados-aos-cascos-de-bovinos-e-o-impacto-negativo-na-producao","title":{"rendered":"PROBLEMAS RELACIONADOS AOS CASCOS DE BOVINOS E O IMPACTO NEGATIVO NA PRODU\u00c7\u00c3O."},"content":{"rendered":"<p>Os <strong>cascos<\/strong> s\u00e3o respons\u00e1veis pela <strong>sustenta\u00e7\u00e3o do corpo<\/strong> do animal permitindo que se <strong>mantenha em p\u00e9<\/strong>, <strong>caminhe,<\/strong> consiga se <strong>alimentar<\/strong> e <strong>produzir<\/strong> (SENAR, 2020).<\/p>\n<p>Alguns <strong>fatores<\/strong> como a <strong>m\u00e1 nutri\u00e7\u00e3o<\/strong>, <strong>higiene inadequada<\/strong>, <strong>ambiente irregular<\/strong> e <strong>traumas,<\/strong> podem comprometer a sa\u00fade e integridade dos cascos causando<strong> afec\u00e7\u00f5es<\/strong> ou <strong>les\u00f5es podais,<\/strong> que colocam em <strong>risco a sa\u00fade<\/strong> e <strong>bem-estar do animal<\/strong>.<\/p>\n<p><img fetchpriority=\"high\" decoding=\"async\" class=\"alignnone wp-image-6101 \" src=\"https:\/\/labovet.com.br\/wp-content\/uploads\/2022\/11\/BLOG-12.png\" alt=\"\" width=\"742\" height=\"445\" srcset=\"https:\/\/labovet.com.br\/wp-content\/uploads\/2022\/11\/BLOG-12.png 500w, https:\/\/labovet.com.br\/wp-content\/uploads\/2022\/11\/BLOG-12-300x180.png 300w\" sizes=\"(max-width: 742px) 100vw, 742px\" \/><\/p>\n<p>Quando h\u00e1 um <strong>maior n\u00famero de bovinos<\/strong> em um determinado local, principalmente em <strong>confinamentos,<\/strong> dos quais s\u00e3o expostos a uma <strong>estrutura de piso duro<\/strong>, <strong>\u00e1spero<\/strong> e <strong>\u00famido,<\/strong> existe um desafio em rela\u00e7\u00e3o \u00e0 higieniza\u00e7\u00e3o do ambiente junto aos dejetos destes animais.<\/p>\n<p>Esses dejetos aglomerados e concentrados no ambiente, deixam o rebanho mais suscet\u00edveis a <strong>pat\u00f3genos,<\/strong> como: <strong>problemas nos cascos dos bovinos<\/strong>, <strong>infec\u00e7\u00f5es podais<\/strong>, <strong>frieiras,<\/strong> <strong>podrid\u00e3o dos cascos<\/strong> e <strong>abscessos<\/strong> das patas.<\/p>\n<p><img decoding=\"async\" class=\"alignnone wp-image-6110 size-full\" src=\"https:\/\/labovet.com.br\/wp-content\/uploads\/2022\/11\/FOOT-ROT.png\" alt=\"\" width=\"1200\" height=\"628\" srcset=\"https:\/\/labovet.com.br\/wp-content\/uploads\/2022\/11\/FOOT-ROT.png 1200w, https:\/\/labovet.com.br\/wp-content\/uploads\/2022\/11\/FOOT-ROT-300x157.png 300w, https:\/\/labovet.com.br\/wp-content\/uploads\/2022\/11\/FOOT-ROT-768x402.png 768w, https:\/\/labovet.com.br\/wp-content\/uploads\/2022\/11\/FOOT-ROT-1024x536.png 1024w\" sizes=\"(max-width: 1200px) 100vw, 1200px\" \/><\/p>\n<p>Logo, essas doen\u00e7as resultam em <strong>grandes perdas econ\u00f4micas<\/strong>, tanto na <strong>produ\u00e7\u00e3o leiteira<\/strong>, que tem uma <strong>redu\u00e7\u00e3o em de m\u00e9dia 20%<\/strong>, quanto na produ\u00e7\u00e3o de carne, al\u00e9m de <strong>financeiramente<\/strong> devido ao tratamento, normalmente longo.<\/p>\n<p>Para os n\u00fameros ficarem mais claros, <strong>cerca de 90% da claudica\u00e7\u00e3o bovina est\u00e1 relacionada \u00e0s complica\u00e7\u00f5es citadas acim<\/strong>a, o que gera a <strong>3\u00aa maior causa de descarte dos rebanhos<\/strong>. Tendo em vista estes dados, \u00e9 de <strong>suma import\u00e2ncia<\/strong> que haja um <strong>manejo adequado atrelado \u00e0 profilaxia<\/strong> e <strong>tratamento<\/strong> dessas quest\u00f5es, para que o <strong>bem-estar animal<\/strong> continue sendo significativo na pecu\u00e1ria brasileira.<\/p>\n<p>Dentre as principais afec\u00e7\u00f5es, podemos mencionar a <strong>dermatite digital<\/strong>, de <strong>origem multifatorial<\/strong> (solo, instala\u00e7\u00f5es, higiene, entrada de animais acometidos) e tem uma <strong>alta preval\u00eancia<\/strong> em <strong>bovinos leiteiros<\/strong> e, consequentemente, <strong>principal causa de descarte<\/strong>.<\/p>\n<p>A <strong>les\u00e3o<\/strong> causa <strong>dor, claudica\u00e7\u00e3o,<\/strong> <strong>postura de falsa cifose<\/strong> e <strong>marcha em passadas curtas<\/strong>, os pelos pr\u00f3ximos \u00e0s les\u00f5es ficam arrepiados, e a afec\u00e7\u00e3o pode evoluir para as seguintes formas:<\/p>\n<ul>\n<li><strong>Forma erosiva:<\/strong> acomete a pele do <strong>espa\u00e7o interdigital entre os tal\u00f5es<\/strong>, podendo <strong>invadir os bulbos<\/strong> deles e tamb\u00e9m <strong>danificar a camada c\u00f3rnea<\/strong>, dando in\u00edcio \u00e0 <strong>eros\u00e3o<\/strong> do tal\u00e3o. As les\u00f5es s\u00e3o circunscritas de borda esbranqui\u00e7ada e centro avermelhado com papilas c\u00f3rneas esbranqui\u00e7adas, dando a ferida aspecto de morango na regi\u00e3o coronariana entre os tal\u00f5es e na superf\u00edcie dorsal do casco na coroa (figura 1).<br \/>\nFigura 1 &#8211; Dermatite digital bovina, A- Dermatite erosiva inicial, B- Dermatite digital erosiva.<br \/>\n<img decoding=\"async\" class=\"alignnone wp-image-6113 size-full\" src=\"https:\/\/labovet.com.br\/wp-content\/uploads\/2022\/11\/Les\u00f5es-de-casco-em-bovinos.png\" alt=\"\" width=\"557\" height=\"316\" srcset=\"https:\/\/labovet.com.br\/wp-content\/uploads\/2022\/11\/Les\u00f5es-de-casco-em-bovinos.png 557w, https:\/\/labovet.com.br\/wp-content\/uploads\/2022\/11\/Les\u00f5es-de-casco-em-bovinos-300x170.png 300w, https:\/\/labovet.com.br\/wp-content\/uploads\/2022\/11\/Les\u00f5es-de-casco-em-bovinos-200x112.png 200w\" sizes=\"(max-width: 557px) 100vw, 557px\" \/><\/li>\n<\/ul>\n<ul>\n<li><strong>Forma proliferativa:<\/strong> nessa fase a les\u00e3o j\u00e1 apresenta um <strong>grau maior de severidade<\/strong>, tendo a pele espessada, aspecto de esponja e estrato granuloso e acantose, normalmente ocorre mais na regi\u00e3o lim\u00edtrofe entre c\u00f3rio coron\u00e1rio do tal\u00e3o e a pele ( figura 2).<br \/>\nFigura 2- Fase proliferativa dermatite digital<br \/>\n<img loading=\"lazy\" decoding=\"async\" class=\"alignnone wp-image-6116 \" src=\"https:\/\/labovet.com.br\/wp-content\/uploads\/2022\/11\/dermatite-digital-compromete-os-cascos-dos-bovinos.jpg\" alt=\"\" width=\"557\" height=\"365\" srcset=\"https:\/\/labovet.com.br\/wp-content\/uploads\/2022\/11\/dermatite-digital-compromete-os-cascos-dos-bovinos.jpg 400w, https:\/\/labovet.com.br\/wp-content\/uploads\/2022\/11\/dermatite-digital-compromete-os-cascos-dos-bovinos-300x197.jpg 300w\" sizes=\"(max-width: 557px) 100vw, 557px\" \/><\/li>\n<li><strong>Forma granulomatosa:<\/strong> caracterizada pela <strong>fase cr\u00f4nica da infec\u00e7\u00e3o<\/strong>, apresenta caracter\u00edstica de couve-flor, pode ter pelos no local e <strong>secre\u00e7\u00e3o<\/strong> serosa (figura 3).<br \/>\nFigura 3- Aspecto da dermatite digital bovina, forma proliferativa<br \/>\n<img loading=\"lazy\" decoding=\"async\" class=\"alignnone wp-image-6119 \" src=\"https:\/\/labovet.com.br\/wp-content\/uploads\/2022\/11\/les\u00e3o-proliferativa.png\" alt=\"\" width=\"544\" height=\"579\" \/><\/p>\n<h5>Fonte: LE\u00c3O et al., 2005.<\/h5>\n<\/li>\n<\/ul>\n<p>Segundo a literatura, o <strong>tratamento<\/strong> consiste em <strong>limpeza da regi\u00e3o acometida<\/strong> e <strong>remo\u00e7\u00e3o da \u00e1rea necrosada<\/strong>. Inicialmente \u00e9 instaurado a pr\u00e1tica de <strong>pedil\u00favio para desinfec\u00e7\u00e3o<\/strong>, entre os produtos empregados, muito \u00e9 utilizado o formol, ap\u00f3s essa pr\u00e1tica uso de solu\u00e7\u00e3o t\u00f3pica a base de antibi\u00f3tico pode ser empregada. O uso de antibi\u00f3tico, analg\u00e9sico e anti-inflamat\u00f3rio sist\u00eamico \u00e9 empregado, a fim de controlar a infec\u00e7\u00e3o, rea\u00e7\u00e3o local e sensibilidade do animal acometido.<\/p>\n<p>Para tratamento, o <strong>Labovet<\/strong> conta com o <a href=\"https:\/\/labovet.com.br\/produtos\/n-p-t-pediluvio-desinfetante\"><strong>N.P.T<\/strong><\/a> um <strong>pedil\u00favio desinfetante<\/strong>, <strong>antiss\u00e9ptico<\/strong> e <strong>germicida \u00e0 base de Formol<\/strong>, indicado para o <strong>tratar infec\u00e7\u00f5es podais<\/strong>, <strong>frieira,<\/strong> \u201c<strong>foot root<\/strong>\u201d, <strong>podrid\u00e3o dos cascos<\/strong> e <strong>abscessos das patas dos bovinos<\/strong>, <strong>ovinos<\/strong> e <strong>equinos.<\/strong><\/p>\n<h2>PREJU\u00cdZOS CAUSADOS PELAS INFEC\u00c7\u00d5ES PODAIS EM BOVINOS<\/h2>\n<p>As <strong>afec\u00e7\u00f5es podais<\/strong> no rebanho s\u00e3o <strong>grandes vil\u00e3<\/strong>s na <strong>pecu\u00e1ria brasileira<\/strong>, pois causam <strong>preju\u00edzos<\/strong> para o produtor e para o animal.<\/p>\n<p><strong>Custos altos de tratamento<\/strong> precisam ser desembolsados, caso o animal apresente <strong>claudica\u00e7\u00e3o de graus variados<\/strong>, al\u00e9m disso, pode ocorrer um <strong>descarte precoce<\/strong> do animal e a <strong>diminui\u00e7\u00e3o da produ\u00e7\u00e3o de leite<\/strong>.<\/p>\n<p>Estudos comprovam que as <strong>perdas econ\u00f4micas<\/strong> advindas dessas enfermidades, <strong>chegam at\u00e9 1,5kg\/ de leite por dia de cada vaca leiteira acometida<\/strong>.<\/p>\n<p>A <strong>melhor forma de evitar<\/strong> estes problemas que assombram a sa\u00fade animal e o bolso do produtor rural, \u00e9 com <strong>manejo adequado<\/strong> que esteja condizente com o ambiente, <strong>instala\u00e7\u00f5es, higieniza\u00e7\u00e3o<\/strong> e <strong>estrat\u00e9gias de casqueamento<\/strong>.<\/p>\n<p>Como, por exemplo, <strong>evitar caminhadas prolongadas<\/strong> do rebanho <strong>em ch\u00e3os de cascalhos<\/strong>, verificar se o piso est\u00e1 regular quando o bovino for \u00e0 balan\u00e7a, dentre outras a\u00e7\u00f5es que ajudam a prevenir infec\u00e7\u00f5es generalizadas no organismo do animal, e garantem a sa\u00fade e bem-estar do rebanho.<\/p>\n<p><em>Texto:\u00a0<strong>Samara Kalene<\/strong><\/em><br \/>\n<em>M\u00e9dica Veterin\u00e1ria:\u00a0<strong>Analaura Pereira \u2013 CRMV-SC 09126<\/strong><\/em><\/p>\n<p>&nbsp;<\/p>\n","protected":false},"excerpt":{"rendered":"<p>Dentre as principais afec\u00e7\u00f5es, podemos mencionar a dermatite digital, de origem multifatorial (solo, instala\u00e7\u00f5es, higiene, entrada de animais acometidos) e tem uma alta preval\u00eancia em bovinos leiteiros e, consequentemente, principal causa de descarte.<\/p>\n","protected":false},"author":3,"featured_media":15820,"template":"","categorias-grandes-animais":[798,793],"tags-grandes-animais":[1315,1316,1317,1323,1029,1319,1320,1321,443,1318,1314,1025,436,1322,881],"categoria-do-produto":[43],"class_list":["post-6100","blog-grandes-animais","type-blog-grandes-animais","status-publish","has-post-thumbnail","hentry","categorias-grandes-animais-bovinos","categorias-grandes-animais-saude","tags-grandes-animais-afeccoes","tags-grandes-animais-cascos","tags-grandes-animais-cascosbovinos","tags-grandes-animais-cascossujos","tags-grandes-animais-casqueamento","tags-grandes-animais-dematitedigital","tags-grandes-animais-dermatitedigitalerosiva","tags-grandes-animais-dermatiteproliferativa","tags-grandes-animais-labovet","tags-grandes-animais-lesaonoscascos","tags-grandes-animais-lesaopodal","tags-grandes-animais-npt","tags-grandes-animais-pediluvio","tags-grandes-animais-vacasdeleite","tags-grandes-animais-vacasleiteiras","categoria-do-produto-bovinos"],"_links":{"self":[{"href":"https:\/\/labovet.com.br\/es\/wp-json\/wp\/v2\/blog-grandes-animais\/6100","targetHints":{"allow":["GET"]}}],"collection":[{"href":"https:\/\/labovet.com.br\/es\/wp-json\/wp\/v2\/blog-grandes-animais"}],"about":[{"href":"https:\/\/labovet.com.br\/es\/wp-json\/wp\/v2\/types\/blog-grandes-animais"}],"author":[{"embeddable":true,"href":"https:\/\/labovet.com.br\/es\/wp-json\/wp\/v2\/users\/3"}],"version-history":[{"count":0,"href":"https:\/\/labovet.com.br\/es\/wp-json\/wp\/v2\/blog-grandes-animais\/6100\/revisions"}],"wp:featuredmedia":[{"embeddable":true,"href":"https:\/\/labovet.com.br\/es\/wp-json\/wp\/v2\/media\/15820"}],"wp:attachment":[{"href":"https:\/\/labovet.com.br\/es\/wp-json\/wp\/v2\/media?parent=6100"}],"wp:term":[{"taxonomy":"categorias-grandes-animais","embeddable":true,"href":"https:\/\/labovet.com.br\/es\/wp-json\/wp\/v2\/categorias-grandes-animais?post=6100"},{"taxonomy":"tags-grandes-animais","embeddable":true,"href":"https:\/\/labovet.com.br\/es\/wp-json\/wp\/v2\/tags-grandes-animais?post=6100"},{"taxonomy":"categoria-do-produto","embeddable":true,"href":"https:\/\/labovet.com.br\/es\/wp-json\/wp\/v2\/categoria-do-produto?post=6100"}],"curies":[{"name":"wp","href":"https:\/\/api.w.org\/{rel}","templated":true}]}}