{"id":5011,"date":"2022-05-20T16:02:52","date_gmt":"2022-05-20T19:02:52","guid":{"rendered":"https:\/\/sub.labovet.com.br\/?post_type=blog-pet&#038;p=5011"},"modified":"2024-11-28T16:06:41","modified_gmt":"2024-11-28T19:06:41","slug":"principais-doencas-respiratorias-em-pets","status":"publish","type":"blog-pet","link":"https:\/\/labovet.com.br\/es\/blog-pet\/principais-doencas-respiratorias-em-pets","title":{"rendered":"PRINCIPAIS DOEN\u00c7AS RESPIRAT\u00d3RIAS EM PETS"},"content":{"rendered":"<p>Cuidados especiais precisam ser pensados para que <strong>c\u00e3es e gatos<\/strong> n\u00e3o sofram em \u00e9pocas <strong>frias e secas<\/strong>, pois assim como os humanos, os bichinhos sentem na pele as mudan\u00e7as e <strong>altera\u00e7\u00f5es clim\u00e1ticas<\/strong>.<\/p>\n<p><strong>No inverno<\/strong> (ou no frio), eles podem ser v\u00edtimas de <strong>doen\u00e7as respirat\u00f3rias<\/strong> mais comuns \u00e0<strong> baixa umidade<\/strong> e <strong>friagem<\/strong>, como: <strong>traqueobronquite infecciosa canina (tosse dos canis)<\/strong>, <strong>gripe<\/strong>, <strong>bronquite<\/strong> e outras altera\u00e7\u00f5es de origem respirat\u00f3ria.<\/p>\n<p>As <strong>causas<\/strong> podem ser diversas, desde <strong>pr\u00e9-disposi\u00e7\u00e3o<\/strong> como, <strong>fatores gen\u00e9ticos<\/strong>, <strong>alergias<\/strong> e <strong>ambiente<\/strong>.<\/p>\n<p>As <strong>manifesta\u00e7\u00f5es cl\u00ednicas<\/strong> entre elas s\u00e3o semelhantes, onde o animal pode apresentar <strong>febre<\/strong>, <strong>secre\u00e7\u00e3o nasal<\/strong>, <strong>desidrata\u00e7\u00e3o<\/strong>, <strong>espirros<\/strong>, <strong>tosse<\/strong> e <strong>lacrimejamento agudo<\/strong>.<\/p>\n<p>Fique sempre atento a qualquer <strong>sinal cl\u00ednico<\/strong> e procure a avalia\u00e7\u00e3o de um <strong>M\u00e9dico Veterin\u00e1rio<\/strong> para o <strong>diagn\u00f3stico<\/strong> e <strong>tratamento<\/strong> correto.<\/p>\n<h2>PETS E CUIDADOS ESPECIAIS EM MUDAN\u00c7AS CLIM\u00c1TICAS<\/h2>\n<p>Devido a alta incid\u00eancia, alguns <strong>cuidados<\/strong> devem ser tomados com a finalidade de <strong>prevenir<\/strong> a ocorr\u00eancia das <strong>doen\u00e7as respirat\u00f3rias<\/strong>.<\/p>\n<p><img fetchpriority=\"high\" decoding=\"async\" class=\"alignnone wp-image-5018 size-full\" src=\"https:\/\/labovet.com.br\/wp-content\/uploads\/2022\/05\/pet-no-frio.jpg\" alt=\"\" width=\"360\" height=\"240\" srcset=\"https:\/\/labovet.com.br\/wp-content\/uploads\/2022\/05\/pet-no-frio.jpg 360w, https:\/\/labovet.com.br\/wp-content\/uploads\/2022\/05\/pet-no-frio-300x200.jpg 300w\" sizes=\"(max-width: 360px) 100vw, 360px\" \/><\/p>\n<ul>\n<li>A <strong>vacina\u00e7\u00e3o<\/strong> \u00e9 a pr\u00e1tica mais importante, isso porque \u00e9 a forma mais eficiente de <strong>imuniza\u00e7\u00e3o<\/strong> e <strong>prote\u00e7\u00e3o<\/strong> do seu animal, evitando assim <strong>doen\u00e7as virais<\/strong> e <strong>bacterianas<\/strong>.<\/li>\n<li>Estimular <strong>brincadeiras<\/strong> dentro de casa que fa\u00e7am o seu pet se <strong>exercitar<\/strong> tamb\u00e9m \u00e9 importante. Isso porque auxilia na <strong>circula\u00e7\u00e3o sangu\u00ednea<\/strong> e tamb\u00e9m no <strong>aquecimento corporal<\/strong>.<\/li>\n<li>Os <strong>banhos<\/strong> precisam de mais aten\u00e7\u00e3o no per\u00edodo frio, devem ser realizados com <strong>muita cautela<\/strong>, cuidado com a temperatura da agua, <strong>local aquecido<\/strong> e <strong>secando bem o bichinho<\/strong> para evitar problemas dermatol\u00f3gicos. Assim voc\u00ea <strong>evita<\/strong> que ele fique <strong>resfriado<\/strong> por conta da <strong>umidade ap\u00f3s o banho<\/strong>.<\/li>\n<li>Manter <strong>c\u00e3es e gatos hidratados<\/strong> e <strong>bem alimentados<\/strong> \u00e9 regra para <strong>qualquer \u00e9poca do ano<\/strong>. Nada melhor do que nutrir o seu animal com <strong>\u00e1gua limpa<\/strong> e <strong>alimento de qualidade<\/strong>, al\u00e9m de refor\u00e7ar o sistema imunol\u00f3gico, ele fica com a <strong>pelagem mais brilhante<\/strong> e <strong>sedosa<\/strong>.<\/li>\n<li>Manter a <strong>casinha<\/strong> ou <strong>caminha<\/strong> do pet <strong>limpa<\/strong>, <strong>seca<\/strong> e <strong>aquecida<\/strong>, para que ele durma bem e n\u00e3o perca calor durante o sono. Tente coloc\u00e1-la <strong>fora da \u00e1rea de circula\u00e7\u00e3o do vento<\/strong>, ou se n\u00e3o for poss\u00edvel, <strong>proteja a abertura da casinha<\/strong>.<\/li>\n<li>A <strong>roupinha<\/strong> pode ser importante na hora do <strong>passeio<\/strong> ou at\u00e9 mesmo para proteg\u00ea-lo nas <strong>mudan\u00e7as abruptas de temperatura<\/strong>.<\/li>\n<\/ul>\n<h2>ATEN\u00c7\u00c3O \u00c0S RA\u00c7AS DE C\u00c3ES BRAQUICEF\u00c1LICAS E GATO SIAM\u00caS<\/h2>\n<figure id=\"attachment_5015\" aria-describedby=\"caption-attachment-5015\" style=\"width: 728px\" class=\"wp-caption alignnone\"><img decoding=\"async\" class=\"wp-image-5015 size-full\" src=\"https:\/\/labovet.com.br\/wp-content\/uploads\/2022\/05\/pug-e-cat.jpg\" alt=\"\" width=\"728\" height=\"422\" srcset=\"https:\/\/labovet.com.br\/wp-content\/uploads\/2022\/05\/pug-e-cat.jpg 728w, https:\/\/labovet.com.br\/wp-content\/uploads\/2022\/05\/pug-e-cat-300x174.jpg 300w\" sizes=\"(max-width: 728px) 100vw, 728px\" \/><figcaption id=\"caption-attachment-5015\" class=\"wp-caption-text\">Fawn Pug and Birman-cross cat<\/figcaption><\/figure>\n<p>Conhecidas por apresentarem caracter\u00edsticas comuns de focinhos curtos, as <strong>ra\u00e7as braquicef\u00e1licas<\/strong> tendem a ter maior <strong>comprometimento<\/strong> do <strong>sistema respirat\u00f3rio<\/strong>, ficando mais <strong>suscet\u00edveis \u00e0s doen\u00e7as<\/strong>.<\/p>\n<p>Isso porque as <strong>condi\u00e7\u00f5es anat\u00f4micas<\/strong>, como <strong>obstru\u00e7\u00e3o parcial das vias a\u00e9reas<\/strong>, <strong>fossas nasais estreitas<\/strong>, <strong>altera\u00e7\u00f5es na laringe<\/strong> e <strong>conforma\u00e7\u00f5es no cr\u00e2nio<\/strong> resultam na <strong>dificuldade da passagem de ar<\/strong>. As ra\u00e7as mais conhecidas por essas caracter\u00edsticas s\u00e3o: <strong>Pug<\/strong>, <strong>Bulldog<\/strong>, <strong>Boxer<\/strong>, <strong>Shar<\/strong> <strong>pei<\/strong>, <strong>Pequin\u00eas<\/strong>, <strong>Shih<\/strong> <strong>Tzu<\/strong> dentre outras.<\/p>\n<p>Os <strong>gatos siameses<\/strong> est\u00e3o entre as ra\u00e7as mais <strong>cobi\u00e7adas<\/strong> de <strong>felinos<\/strong> para se ter como bichinho de <strong>estima\u00e7\u00e3o<\/strong>. Por\u00e9m esta ra\u00e7a possui <strong>maior incid\u00eancia a doen\u00e7as do trato respirat\u00f3rio<\/strong>.<\/p>\n<p>Por <strong>fatores<\/strong> ainda <strong>desconhecidos<\/strong>, esses felinos apresentam uma <strong>hipersensibilidade<\/strong> a alguns <strong>al\u00e9rgenos<\/strong> e podem desenvolver <strong>bronquite felina<\/strong> ou <strong>asma<\/strong>, em sua maioria <strong>autorresolutivas<\/strong> sem nenhum processo infeccioso envolvido.<\/p>\n<p>Os<strong> sinais cl\u00ednicos<\/strong> mais comuns nos gatos em geral, s\u00e3o: <strong>fadiga diurna<\/strong>, <strong>ins\u00f4nia<\/strong> e <strong>diminui\u00e7\u00e3o da atividade<\/strong>, uma vez que a passagem de ar \u00e9 comprometida pela <strong>redu\u00e7\u00e3o do l\u00famen dos br\u00f4nquios<\/strong>, o que dificulta o processo natural da respira\u00e7\u00e3o.<\/p>\n<p>O <strong>diagn\u00f3stico<\/strong> precoce de uma doen\u00e7a possibilita um <strong>tratamento<\/strong> mais <strong>r\u00e1pido<\/strong> e <strong>eficaz<\/strong>, por isso, visite o <strong>M\u00e9dico Veterin\u00e1rio<\/strong> de sua confian\u00e7a caso o seu pet apresente um dos sintomas citados e n\u00e3o deixe de vacin\u00e1-lo contra as principais doen\u00e7as que possam debilit\u00e1-lo.<\/p>\n<h4>N\u00e3o s\u00f3 no frio, mas durante todo o ano, o seu pet est\u00e1 sujeito a doen\u00e7as infecciosas. Pegue o cart\u00e3o de vacina do seu pet e verifique se est\u00e1 em dias.<\/h4>\n<p><em>Texto:\u00a0<strong>Samara Kalene<\/strong><\/em><br \/>\n<em>M\u00e9dica Veterin\u00e1ria:\u00a0<strong>Analaura Pereira \u2013 CRMV-SC 09126<\/strong><\/em><\/p>\n","protected":false},"excerpt":{"rendered":"<p>Cuidados especiais precisam ser pensados para que c\u00e3es e gatos n\u00e3o sofram em \u00e9pocas frias e secas.<\/p>\n","protected":false},"author":3,"featured_media":15380,"comment_status":"closed","ping_status":"closed","template":"","meta":{"_joinchat":[],"footnotes":""},"categorias-pet":[88,778,77,82],"tags-pet":[],"categoria-do-produto":[38,41],"class_list":["post-5011","blog-pet","type-blog-pet","status-publish","has-post-thumbnail","hentry","categorias-pet-cachorros","categorias-pet-dicas","categorias-pet-gatos","categorias-pet-saude","categoria-do-produto-caes","categoria-do-produto-gatos"],"_links":{"self":[{"href":"https:\/\/labovet.com.br\/es\/wp-json\/wp\/v2\/blog-pet\/5011","targetHints":{"allow":["GET"]}}],"collection":[{"href":"https:\/\/labovet.com.br\/es\/wp-json\/wp\/v2\/blog-pet"}],"about":[{"href":"https:\/\/labovet.com.br\/es\/wp-json\/wp\/v2\/types\/blog-pet"}],"author":[{"embeddable":true,"href":"https:\/\/labovet.com.br\/es\/wp-json\/wp\/v2\/users\/3"}],"replies":[{"embeddable":true,"href":"https:\/\/labovet.com.br\/es\/wp-json\/wp\/v2\/comments?post=5011"}],"version-history":[{"count":0,"href":"https:\/\/labovet.com.br\/es\/wp-json\/wp\/v2\/blog-pet\/5011\/revisions"}],"wp:featuredmedia":[{"embeddable":true,"href":"https:\/\/labovet.com.br\/es\/wp-json\/wp\/v2\/media\/15380"}],"wp:attachment":[{"href":"https:\/\/labovet.com.br\/es\/wp-json\/wp\/v2\/media?parent=5011"}],"wp:term":[{"taxonomy":"categorias-pet","embeddable":true,"href":"https:\/\/labovet.com.br\/es\/wp-json\/wp\/v2\/categorias-pet?post=5011"},{"taxonomy":"tags-pet","embeddable":true,"href":"https:\/\/labovet.com.br\/es\/wp-json\/wp\/v2\/tags-pet?post=5011"},{"taxonomy":"categoria-do-produto","embeddable":true,"href":"https:\/\/labovet.com.br\/es\/wp-json\/wp\/v2\/categoria-do-produto?post=5011"}],"curies":[{"name":"wp","href":"https:\/\/api.w.org\/{rel}","templated":true}]}}